{"id":422,"count":377,"description":"<h2>Conjuntos de mesas e cadeiras para terra\u00e7o<\/h2>\r\nOs terra\u00e7os s\u00e3o feitos para serem apreciados e uma maneira \u00e9 ter um espa\u00e7o onde voc\u00ea pode tomar caf\u00e9 da manh\u00e3, almo\u00e7o ou conhecer ao ar livre. Um conjunto de mesas e cadeiras para terra\u00e7o permite-lhe um espa\u00e7o de socializa\u00e7\u00e3o e tranquilidade.\r\nVisite o nosso cat\u00e1logo e certamente se apaixonar\u00e1 por um ou v\u00e1rios conjuntos de mesas e cadeiras para terra\u00e7o, existem em v\u00e1rios estilos e fabricados em diferentes materiais: conjuntos de terra\u00e7o de madeira, <a href=\"https:\/\/keramamueblesdejardin.com\/comedores-exterior\/conjunto-mesa-y-sillas-jardin\/conjunto-de-balcon-2-sillas-con-mesa-baja-antarcita-tokyo\/\">mesa e cadeiras para varanda em alum\u00ednio, conjuntos<\/a> dobr\u00e1veis...\r\n<h3>Mesa e cadeiras de terra\u00e7o de madeira<\/h3>\r\nMesas e cadeiras de terra\u00e7o de madeira s\u00e3o ideais em termos de conforto e est\u00e9tica. Se voc\u00ea quer que o seu terra\u00e7o tenha uma atmosfera quente e amig\u00e1vel, a madeira \u00e9 ideal.\r\nFabricamos mesas e cadeiras de terra\u00e7o em madeira certificada FSC de explora\u00e7\u00e3o sustent\u00e1vel. No nosso cat\u00e1logo pode encontrar  <a href=\"https:\/\/keramamueblesdejardin.com\/comedores-exterior\/conjunto-mesa-y-sillas-jardin-6-plazas-madera-y-cuerda-riviera\/\">mesa de terra\u00e7o e cadeiras em madeira de eucalipto<\/a>, em madeira de ac\u00e1cia, em madeira de pinho... e com diferentes acabamentos (mate, brilho, com corda...) que far\u00e3o o seu terra\u00e7o irradiar a sua pr\u00f3pria luz e tornar-se um dos quartos mais desejados em sua casa.\r\n<h3>Cadeiras de terra\u00e7o dobr\u00e1veis e mesa<\/h3>\r\nQuem tem um terra\u00e7o ou uma varanda tem um tesouro! \u00c9 um espa\u00e7o exterior que nos permite relaxar e escapar ao stress da vida quotidiana. O espa\u00e7o dispon\u00edvel em um terra\u00e7o ou varanda pode ser limitado a ter uma mesa de terra\u00e7o e cadeiras permanentemente instaladas, neste caso, n\u00e3o se prive de desfrutar do seu espa\u00e7o exterior, pode recorrer a um conjunto de cadeiras de terra\u00e7o dobr\u00e1veis e mesa.\r\nOs conjuntos de cadeiras dobr\u00e1veis e mesa para terra\u00e7o oferecem-lhe conforto, funcionalidade e praticidade. Podem ser montados e\/ou recolhidos numa quest\u00e3o de segundos, s\u00e3o bonitos, resistentes e... Pode lev\u00e1-los para onde quiser, mesmo nas suas f\u00e9rias.\r\nEm Kerama voc\u00ea pode encontrar <a href=\"https:\/\/keramamueblesdejardin.com\/comedores-exterior\/conjunto-mesa-y-sillas-jardin\/conjunto-de-balcon-plegable-naranja-calella\/\">um conjunto de cadeiras dobr\u00e1veis e mesa de terra\u00e7o<\/a> constru\u00edda com materiais de qualidade (a\u00e7o e rattan sint\u00e9tico, a\u00e7o e t\u00eaxtil) e projetado para voc\u00ea apreci\u00e1-los por um longo tempo e voc\u00ea pode armazen\u00e1-los em um pequeno espa\u00e7o.\r\n  <h2>Conjunto de mesa e cadeiras para jardim  <\/h2>\r\nOs conjuntos de mesa e cadeiras para jardim \u00e9 uma oportunidade para criar um espa\u00e7o de conviv\u00eancia, tranquilidade e descanso no jardim. Desfrutar de caf\u00e9 da manh\u00e3 e refei\u00e7\u00f5es no jardim na companhia de amigos e\/ou fam\u00edlia \u00e9 um pequeno luxo que tornar\u00e1 a sua vida mais agrad\u00e1vel.\r\nComo \u00e9 que a mesa de terra\u00e7o e os conjuntos de cadeiras s\u00e3o diferentes dos conjuntos de jardim? Basicamente no tamanho do conjunto, nos conjuntos de mesa e cadeiras para jardim encontramos conjuntos com 6 ou 8 cadeiras e mesas com placa extens\u00edvel, enquanto os conjuntos de mesa e cadeiras para terra\u00e7o geralmente t\u00eam 2-4 cadeiras.\r\n<h3>Conjunto de cadeiras e mesa de jardim em alum\u00ednio<\/h3>\r\nEm Kerama voc\u00ea pode encontrar um grande n\u00famero de conjuntos de cadeiras e mesa de jardim em alum\u00ednio, com diferentes acabamentos, tanto a cores como em materiais de revestimento ou acolchoamento.\r\nOs conjuntos de jardim em alum\u00ednio podem ser de v\u00e1rios tamanhos (4, 6 ou 8 cadeiras) e com mesa de placa fixa ou placa extens\u00edvel. Alum\u00ednio e t\u00eaxteis de alta qualidade d\u00e3o-lhes um acabamento moderno, elegante e dur\u00e1vel ao longo do tempo; por sua vez, s\u00e3o conjuntos de jardim muito resistentes, leves e com f\u00e1cil manuten\u00e7\u00e3o.\r\n  <h3>Mesas de jardim e cadeiras em rattan<\/h3>\r\nSe o que voc\u00ea quer \u00e9 um jardim que inspira calor, tranquilidade e algum exotismo, a op\u00e7\u00e3o de escolher s\u00e3o as mesas de jardim e cadeiras em rattan.\r\nEm Kerama adoramos os jardins com um toque tropical e os conjuntos de mesa e cadeiras em rattan combinam perfeitamente nesse ambiente, eles s\u00e3o ideais para um vermout ou conversa relaxado ao p\u00f4r-do-sol.\r\nNa Kerama estamos certos de que um aspeto chave no nosso mobili\u00e1rio de exterior deve ser a durabilidade. Por esta raz\u00e3o, a nossa <a href=\"https:\/\/keramamueblesdejardin.com\/comedores-exterior\/conjunto-mesa-y-sillas-jardin\/conjunto-mesa-y-sillas-jardin-4-plazas-ratan-kubic\/\">mesa de jardim rattan e conjuntos de cadeiras s\u00e3o feitas<\/a> com uma estrutura met\u00e1lica em a\u00e7o ou alum\u00ednio (dependendo dos modelos) e revestidas com rattan sint\u00e9tico tran\u00e7ado \u00e0 m\u00e3o.  \r\n  <h3>Conjunto de mesas e cadeiras de jardim de madeira<\/h3>\r\nA mesa de madeira e os conjuntos de cadeira combinam perfeitamente com qualquer jardim onde \u00e1rvores e plantas s\u00e3o o protagonista. O calor dos materiais e o conforto dos acabamentos far\u00e3o com que assim que se instalar na sua sala de estar ao ar livre, n\u00e3o queira voltar para dentro da casa.\r\nVisite o nosso cat\u00e1logo, garantimos-lhe que os conjuntos de mesa e cadeiras de jardim em madeira ir\u00e3o agrad\u00e1-lo. Fabricamos com madeiras de explora\u00e7\u00e3o sustent\u00e1vel e com certificado FSC.","link":"https:\/\/keramamueblesdejardin.com\/pt-pt\/salas-de-jantar-ao-ar-livre\/definir-mesa-e-cadeiras-jardim\/","name":"Definir mesa e cadeiras jardim","slug":"definir-mesa-e-cadeiras-jardim","taxonomy":"product_cat","parent":420,"meta":[],"menu_order":32,"acf":[],"yoast_head":"<!-- This site is optimized with the Yoast SEO plugin v27.4 - https:\/\/yoast.com\/product\/yoast-seo-wordpress\/ -->\n<title>Definir mesa e cadeiras jardim - Kerama<\/title>\n<meta name=\"robots\" content=\"index, follow, max-snippet:-1, max-image-preview:large, max-video-preview:-1\" \/>\n<link rel=\"canonical\" href=\"https:\/\/keramamueblesdejardin.com\/pt-pt\/salas-de-jantar-ao-ar-livre\/definir-mesa-e-cadeiras-jardim\/\" \/>\n<meta property=\"og:locale\" content=\"pt_PT\" \/>\n<meta property=\"og:type\" content=\"article\" \/>\n<meta property=\"og:title\" content=\"Definir mesa e cadeiras jardim - Kerama\" \/>\n<meta property=\"og:description\" content=\"Conjuntos de mesas e cadeiras para terra\u00e7o Os terra\u00e7os s\u00e3o feitos para serem apreciados e uma maneira \u00e9 ter um espa\u00e7o onde voc\u00ea pode tomar caf\u00e9 da manh\u00e3, almo\u00e7o ou conhecer ao ar livre. Um conjunto de mesas e cadeiras para terra\u00e7o permite-lhe um espa\u00e7o de socializa\u00e7\u00e3o e tranquilidade. Visite o nosso cat\u00e1logo e certamente se apaixonar\u00e1 por um ou v\u00e1rios conjuntos de mesas e cadeiras para terra\u00e7o, existem em v\u00e1rios estilos e fabricados em diferentes materiais: conjuntos de terra\u00e7o de madeira, mesa e cadeiras para varanda em alum\u00ednio, conjuntos dobr\u00e1veis&#8230; Mesa e cadeiras de terra\u00e7o de madeira Mesas e cadeiras de terra\u00e7o de madeira s\u00e3o ideais em termos de conforto e est\u00e9tica. Se voc\u00ea quer que o seu terra\u00e7o tenha uma atmosfera quente e amig\u00e1vel, a madeira \u00e9 ideal. Fabricamos mesas e cadeiras de terra\u00e7o em madeira certificada FSC de explora\u00e7\u00e3o sustent\u00e1vel. No nosso cat\u00e1logo pode encontrar mesa de terra\u00e7o e cadeiras em madeira de eucalipto, em madeira de ac\u00e1cia, em madeira de pinho&#8230; e com diferentes acabamentos (mate, brilho, com corda&#8230;) que far\u00e3o o seu terra\u00e7o irradiar a sua pr\u00f3pria luz e tornar-se um dos quartos mais desejados em sua casa. Cadeiras de terra\u00e7o dobr\u00e1veis e mesa Quem tem um terra\u00e7o ou uma varanda tem um tesouro! \u00c9 um espa\u00e7o exterior que nos permite relaxar e escapar ao stress da vida quotidiana. O espa\u00e7o dispon\u00edvel em um terra\u00e7o ou varanda pode ser limitado a ter uma mesa de terra\u00e7o e cadeiras permanentemente instaladas, neste caso, n\u00e3o se prive de desfrutar do seu espa\u00e7o exterior, pode recorrer a um conjunto de cadeiras de terra\u00e7o dobr\u00e1veis e mesa. Os conjuntos de cadeiras dobr\u00e1veis e mesa para terra\u00e7o oferecem-lhe conforto, funcionalidade e praticidade. Podem ser montados e\/ou recolhidos numa quest\u00e3o de segundos, s\u00e3o bonitos, resistentes e&#8230; Pode lev\u00e1-los para onde quiser, mesmo nas suas f\u00e9rias. Em Kerama voc\u00ea pode encontrar um conjunto de cadeiras dobr\u00e1veis e mesa de terra\u00e7o constru\u00edda com materiais de qualidade (a\u00e7o e rattan sint\u00e9tico, a\u00e7o e t\u00eaxtil) e projetado para voc\u00ea apreci\u00e1-los por um longo tempo e voc\u00ea pode armazen\u00e1-los em um pequeno espa\u00e7o. Conjunto de mesa e cadeiras para jardim  Os conjuntos de mesa e cadeiras para jardim \u00e9 uma oportunidade para criar um espa\u00e7o de conviv\u00eancia, tranquilidade e descanso no jardim. Desfrutar de caf\u00e9 da manh\u00e3 e refei\u00e7\u00f5es no jardim na companhia de amigos e\/ou fam\u00edlia \u00e9 um pequeno luxo que tornar\u00e1 a sua vida mais agrad\u00e1vel. Como \u00e9 que a mesa de terra\u00e7o e os conjuntos de cadeiras s\u00e3o diferentes dos conjuntos de jardim? Basicamente no tamanho do conjunto, nos conjuntos de mesa e cadeiras para jardim encontramos conjuntos com 6 ou 8 cadeiras e mesas com placa extens\u00edvel, enquanto os conjuntos de mesa e cadeiras para terra\u00e7o geralmente t\u00eam 2-4 cadeiras. Conjunto de cadeiras e mesa de jardim em alum\u00ednio Em Kerama voc\u00ea pode encontrar um grande n\u00famero de conjuntos de cadeiras e mesa de jardim em alum\u00ednio, com diferentes acabamentos, tanto a cores como em materiais de revestimento ou acolchoamento. Os conjuntos de jardim em alum\u00ednio podem ser de v\u00e1rios tamanhos (4, 6 ou 8 cadeiras) e com mesa de placa fixa ou placa extens\u00edvel. Alum\u00ednio e t\u00eaxteis de alta qualidade d\u00e3o-lhes um acabamento moderno, elegante e dur\u00e1vel ao longo do tempo; por sua vez, s\u00e3o conjuntos de jardim muito resistentes, leves e com f\u00e1cil manuten\u00e7\u00e3o. Mesas de jardim e cadeiras em rattan Se o que voc\u00ea quer \u00e9 um jardim que inspira calor, tranquilidade e algum exotismo, a op\u00e7\u00e3o de escolher s\u00e3o as mesas de jardim e cadeiras em rattan. Em Kerama adoramos os jardins com um toque tropical e os conjuntos de mesa e cadeiras em rattan combinam perfeitamente nesse ambiente, eles s\u00e3o ideais para um vermout ou conversa relaxado ao p\u00f4r-do-sol. Na Kerama estamos certos de que um aspeto chave no nosso mobili\u00e1rio de exterior deve ser a durabilidade. Por esta raz\u00e3o, a nossa mesa de jardim rattan e conjuntos de cadeiras s\u00e3o feitas com uma estrutura met\u00e1lica em a\u00e7o ou alum\u00ednio (dependendo dos modelos) e revestidas com rattan sint\u00e9tico tran\u00e7ado \u00e0 m\u00e3o.  Conjunto de mesas e cadeiras de jardim de madeira A mesa de madeira e os conjuntos de cadeira combinam perfeitamente com qualquer jardim onde \u00e1rvores e plantas s\u00e3o o protagonista. O calor dos materiais e o conforto dos acabamentos far\u00e3o com que assim que se instalar na sua sala de estar ao ar livre, n\u00e3o queira voltar para dentro da casa. Visite o nosso cat\u00e1logo, garantimos-lhe que os conjuntos de mesa e cadeiras de jardim em madeira ir\u00e3o agrad\u00e1-lo. Fabricamos com madeiras de explora\u00e7\u00e3o sustent\u00e1vel e com certificado FSC.\" \/>\n<meta property=\"og:url\" content=\"https:\/\/keramamueblesdejardin.com\/pt-pt\/salas-de-jantar-ao-ar-livre\/definir-mesa-e-cadeiras-jardim\/\" \/>\n<meta property=\"og:site_name\" content=\"Kerama\" \/>\n<meta name=\"twitter:card\" content=\"summary_large_image\" \/>\n<script type=\"application\/ld+json\" class=\"yoast-schema-graph\">{\"@context\":\"https:\\\/\\\/schema.org\",\"@graph\":[{\"@type\":\"CollectionPage\",\"@id\":\"https:\\\/\\\/keramamueblesdejardin.com\\\/pt-pt\\\/salas-de-jantar-ao-ar-livre\\\/definir-mesa-e-cadeiras-jardim\\\/\",\"url\":\"https:\\\/\\\/keramamueblesdejardin.com\\\/pt-pt\\\/salas-de-jantar-ao-ar-livre\\\/definir-mesa-e-cadeiras-jardim\\\/\",\"name\":\"Definir mesa e cadeiras jardim - Kerama\",\"isPartOf\":{\"@id\":\"https:\\\/\\\/keramamueblesdejardin.com\\\/pt-pt\\\/#website\"},\"breadcrumb\":{\"@id\":\"https:\\\/\\\/keramamueblesdejardin.com\\\/pt-pt\\\/salas-de-jantar-ao-ar-livre\\\/definir-mesa-e-cadeiras-jardim\\\/#breadcrumb\"},\"inLanguage\":\"pt-PT\"},{\"@type\":\"BreadcrumbList\",\"@id\":\"https:\\\/\\\/keramamueblesdejardin.com\\\/pt-pt\\\/salas-de-jantar-ao-ar-livre\\\/definir-mesa-e-cadeiras-jardim\\\/#breadcrumb\",\"itemListElement\":[{\"@type\":\"ListItem\",\"position\":1,\"name\":\"Home\",\"item\":\"https:\\\/\\\/keramamueblesdejardin.com\\\/pt-pt\\\/\"},{\"@type\":\"ListItem\",\"position\":2,\"name\":\"Salas de jantar ao ar livre\",\"item\":\"https:\\\/\\\/keramamueblesdejardin.com\\\/pt-pt\\\/salas-de-jantar-ao-ar-livre\\\/\"},{\"@type\":\"ListItem\",\"position\":3,\"name\":\"Definir mesa e cadeiras jardim\"}]},{\"@type\":\"WebSite\",\"@id\":\"https:\\\/\\\/keramamueblesdejardin.com\\\/pt-pt\\\/#website\",\"url\":\"https:\\\/\\\/keramamueblesdejardin.com\\\/pt-pt\\\/\",\"name\":\"Kerama\",\"description\":\"muebles de jard\u00edn\",\"publisher\":{\"@id\":\"https:\\\/\\\/keramamueblesdejardin.com\\\/pt-pt\\\/#organization\"},\"potentialAction\":[{\"@type\":\"SearchAction\",\"target\":{\"@type\":\"EntryPoint\",\"urlTemplate\":\"https:\\\/\\\/keramamueblesdejardin.com\\\/pt-pt\\\/?s={search_term_string}\"},\"query-input\":{\"@type\":\"PropertyValueSpecification\",\"valueRequired\":true,\"valueName\":\"search_term_string\"}}],\"inLanguage\":\"pt-PT\"},{\"@type\":\"Organization\",\"@id\":\"https:\\\/\\\/keramamueblesdejardin.com\\\/pt-pt\\\/#organization\",\"name\":\"kerama\",\"url\":\"https:\\\/\\\/keramamueblesdejardin.com\\\/pt-pt\\\/\",\"logo\":{\"@type\":\"ImageObject\",\"inLanguage\":\"pt-PT\",\"@id\":\"https:\\\/\\\/keramamueblesdejardin.com\\\/pt-pt\\\/#\\\/schema\\\/logo\\\/image\\\/\",\"url\":\"https:\\\/\\\/keramamueblesdejardin.com\\\/wp-content\\\/uploads\\\/2020\\\/12\\\/k.-scaled.jpg\",\"contentUrl\":\"https:\\\/\\\/keramamueblesdejardin.com\\\/wp-content\\\/uploads\\\/2020\\\/12\\\/k.-scaled.jpg\",\"width\":2560,\"height\":551,\"caption\":\"kerama\"},\"image\":{\"@id\":\"https:\\\/\\\/keramamueblesdejardin.com\\\/pt-pt\\\/#\\\/schema\\\/logo\\\/image\\\/\"},\"sameAs\":[\"https:\\\/\\\/www.facebook.com\\\/Kerama-Muebles-de-Jard\u00edn-106209328312568\\\/\"]}]}<\/script>\n<!-- \/ Yoast SEO plugin. -->","yoast_head_json":{"title":"Definir mesa e cadeiras jardim - Kerama","robots":{"index":"index","follow":"follow","max-snippet":"max-snippet:-1","max-image-preview":"max-image-preview:large","max-video-preview":"max-video-preview:-1"},"canonical":"https:\/\/keramamueblesdejardin.com\/pt-pt\/salas-de-jantar-ao-ar-livre\/definir-mesa-e-cadeiras-jardim\/","og_locale":"pt_PT","og_type":"article","og_title":"Definir mesa e cadeiras jardim - Kerama","og_description":"Conjuntos de mesas e cadeiras para terra\u00e7o Os terra\u00e7os s\u00e3o feitos para serem apreciados e uma maneira \u00e9 ter um espa\u00e7o onde voc\u00ea pode tomar caf\u00e9 da manh\u00e3, almo\u00e7o ou conhecer ao ar livre. Um conjunto de mesas e cadeiras para terra\u00e7o permite-lhe um espa\u00e7o de socializa\u00e7\u00e3o e tranquilidade. Visite o nosso cat\u00e1logo e certamente se apaixonar\u00e1 por um ou v\u00e1rios conjuntos de mesas e cadeiras para terra\u00e7o, existem em v\u00e1rios estilos e fabricados em diferentes materiais: conjuntos de terra\u00e7o de madeira, mesa e cadeiras para varanda em alum\u00ednio, conjuntos dobr\u00e1veis&#8230; Mesa e cadeiras de terra\u00e7o de madeira Mesas e cadeiras de terra\u00e7o de madeira s\u00e3o ideais em termos de conforto e est\u00e9tica. Se voc\u00ea quer que o seu terra\u00e7o tenha uma atmosfera quente e amig\u00e1vel, a madeira \u00e9 ideal. Fabricamos mesas e cadeiras de terra\u00e7o em madeira certificada FSC de explora\u00e7\u00e3o sustent\u00e1vel. No nosso cat\u00e1logo pode encontrar mesa de terra\u00e7o e cadeiras em madeira de eucalipto, em madeira de ac\u00e1cia, em madeira de pinho&#8230; e com diferentes acabamentos (mate, brilho, com corda&#8230;) que far\u00e3o o seu terra\u00e7o irradiar a sua pr\u00f3pria luz e tornar-se um dos quartos mais desejados em sua casa. Cadeiras de terra\u00e7o dobr\u00e1veis e mesa Quem tem um terra\u00e7o ou uma varanda tem um tesouro! \u00c9 um espa\u00e7o exterior que nos permite relaxar e escapar ao stress da vida quotidiana. O espa\u00e7o dispon\u00edvel em um terra\u00e7o ou varanda pode ser limitado a ter uma mesa de terra\u00e7o e cadeiras permanentemente instaladas, neste caso, n\u00e3o se prive de desfrutar do seu espa\u00e7o exterior, pode recorrer a um conjunto de cadeiras de terra\u00e7o dobr\u00e1veis e mesa. Os conjuntos de cadeiras dobr\u00e1veis e mesa para terra\u00e7o oferecem-lhe conforto, funcionalidade e praticidade. Podem ser montados e\/ou recolhidos numa quest\u00e3o de segundos, s\u00e3o bonitos, resistentes e&#8230; Pode lev\u00e1-los para onde quiser, mesmo nas suas f\u00e9rias. Em Kerama voc\u00ea pode encontrar um conjunto de cadeiras dobr\u00e1veis e mesa de terra\u00e7o constru\u00edda com materiais de qualidade (a\u00e7o e rattan sint\u00e9tico, a\u00e7o e t\u00eaxtil) e projetado para voc\u00ea apreci\u00e1-los por um longo tempo e voc\u00ea pode armazen\u00e1-los em um pequeno espa\u00e7o. Conjunto de mesa e cadeiras para jardim  Os conjuntos de mesa e cadeiras para jardim \u00e9 uma oportunidade para criar um espa\u00e7o de conviv\u00eancia, tranquilidade e descanso no jardim. Desfrutar de caf\u00e9 da manh\u00e3 e refei\u00e7\u00f5es no jardim na companhia de amigos e\/ou fam\u00edlia \u00e9 um pequeno luxo que tornar\u00e1 a sua vida mais agrad\u00e1vel. Como \u00e9 que a mesa de terra\u00e7o e os conjuntos de cadeiras s\u00e3o diferentes dos conjuntos de jardim? Basicamente no tamanho do conjunto, nos conjuntos de mesa e cadeiras para jardim encontramos conjuntos com 6 ou 8 cadeiras e mesas com placa extens\u00edvel, enquanto os conjuntos de mesa e cadeiras para terra\u00e7o geralmente t\u00eam 2-4 cadeiras. Conjunto de cadeiras e mesa de jardim em alum\u00ednio Em Kerama voc\u00ea pode encontrar um grande n\u00famero de conjuntos de cadeiras e mesa de jardim em alum\u00ednio, com diferentes acabamentos, tanto a cores como em materiais de revestimento ou acolchoamento. Os conjuntos de jardim em alum\u00ednio podem ser de v\u00e1rios tamanhos (4, 6 ou 8 cadeiras) e com mesa de placa fixa ou placa extens\u00edvel. Alum\u00ednio e t\u00eaxteis de alta qualidade d\u00e3o-lhes um acabamento moderno, elegante e dur\u00e1vel ao longo do tempo; por sua vez, s\u00e3o conjuntos de jardim muito resistentes, leves e com f\u00e1cil manuten\u00e7\u00e3o. Mesas de jardim e cadeiras em rattan Se o que voc\u00ea quer \u00e9 um jardim que inspira calor, tranquilidade e algum exotismo, a op\u00e7\u00e3o de escolher s\u00e3o as mesas de jardim e cadeiras em rattan. Em Kerama adoramos os jardins com um toque tropical e os conjuntos de mesa e cadeiras em rattan combinam perfeitamente nesse ambiente, eles s\u00e3o ideais para um vermout ou conversa relaxado ao p\u00f4r-do-sol. Na Kerama estamos certos de que um aspeto chave no nosso mobili\u00e1rio de exterior deve ser a durabilidade. Por esta raz\u00e3o, a nossa mesa de jardim rattan e conjuntos de cadeiras s\u00e3o feitas com uma estrutura met\u00e1lica em a\u00e7o ou alum\u00ednio (dependendo dos modelos) e revestidas com rattan sint\u00e9tico tran\u00e7ado \u00e0 m\u00e3o.  Conjunto de mesas e cadeiras de jardim de madeira A mesa de madeira e os conjuntos de cadeira combinam perfeitamente com qualquer jardim onde \u00e1rvores e plantas s\u00e3o o protagonista. O calor dos materiais e o conforto dos acabamentos far\u00e3o com que assim que se instalar na sua sala de estar ao ar livre, n\u00e3o queira voltar para dentro da casa. Visite o nosso cat\u00e1logo, garantimos-lhe que os conjuntos de mesa e cadeiras de jardim em madeira ir\u00e3o agrad\u00e1-lo. Fabricamos com madeiras de explora\u00e7\u00e3o sustent\u00e1vel e com certificado FSC.","og_url":"https:\/\/keramamueblesdejardin.com\/pt-pt\/salas-de-jantar-ao-ar-livre\/definir-mesa-e-cadeiras-jardim\/","og_site_name":"Kerama","twitter_card":"summary_large_image","schema":{"@context":"https:\/\/schema.org","@graph":[{"@type":"CollectionPage","@id":"https:\/\/keramamueblesdejardin.com\/pt-pt\/salas-de-jantar-ao-ar-livre\/definir-mesa-e-cadeiras-jardim\/","url":"https:\/\/keramamueblesdejardin.com\/pt-pt\/salas-de-jantar-ao-ar-livre\/definir-mesa-e-cadeiras-jardim\/","name":"Definir mesa e cadeiras jardim - Kerama","isPartOf":{"@id":"https:\/\/keramamueblesdejardin.com\/pt-pt\/#website"},"breadcrumb":{"@id":"https:\/\/keramamueblesdejardin.com\/pt-pt\/salas-de-jantar-ao-ar-livre\/definir-mesa-e-cadeiras-jardim\/#breadcrumb"},"inLanguage":"pt-PT"},{"@type":"BreadcrumbList","@id":"https:\/\/keramamueblesdejardin.com\/pt-pt\/salas-de-jantar-ao-ar-livre\/definir-mesa-e-cadeiras-jardim\/#breadcrumb","itemListElement":[{"@type":"ListItem","position":1,"name":"Home","item":"https:\/\/keramamueblesdejardin.com\/pt-pt\/"},{"@type":"ListItem","position":2,"name":"Salas de jantar ao ar livre","item":"https:\/\/keramamueblesdejardin.com\/pt-pt\/salas-de-jantar-ao-ar-livre\/"},{"@type":"ListItem","position":3,"name":"Definir mesa e cadeiras jardim"}]},{"@type":"WebSite","@id":"https:\/\/keramamueblesdejardin.com\/pt-pt\/#website","url":"https:\/\/keramamueblesdejardin.com\/pt-pt\/","name":"Kerama","description":"muebles de jard\u00edn","publisher":{"@id":"https:\/\/keramamueblesdejardin.com\/pt-pt\/#organization"},"potentialAction":[{"@type":"SearchAction","target":{"@type":"EntryPoint","urlTemplate":"https:\/\/keramamueblesdejardin.com\/pt-pt\/?s={search_term_string}"},"query-input":{"@type":"PropertyValueSpecification","valueRequired":true,"valueName":"search_term_string"}}],"inLanguage":"pt-PT"},{"@type":"Organization","@id":"https:\/\/keramamueblesdejardin.com\/pt-pt\/#organization","name":"kerama","url":"https:\/\/keramamueblesdejardin.com\/pt-pt\/","logo":{"@type":"ImageObject","inLanguage":"pt-PT","@id":"https:\/\/keramamueblesdejardin.com\/pt-pt\/#\/schema\/logo\/image\/","url":"https:\/\/keramamueblesdejardin.com\/wp-content\/uploads\/2020\/12\/k.-scaled.jpg","contentUrl":"https:\/\/keramamueblesdejardin.com\/wp-content\/uploads\/2020\/12\/k.-scaled.jpg","width":2560,"height":551,"caption":"kerama"},"image":{"@id":"https:\/\/keramamueblesdejardin.com\/pt-pt\/#\/schema\/logo\/image\/"},"sameAs":["https:\/\/www.facebook.com\/Kerama-Muebles-de-Jard\u00edn-106209328312568\/"]}]}},"image_link":"https:\/\/keramamueblesdejardin.com\/wp-content\/uploads\/2023\/04\/rivi-oval-rivieras.jpg","_links":{"self":[{"href":"https:\/\/keramamueblesdejardin.com\/pt-pt\/wp-json\/wp\/v2\/product_cat\/422","targetHints":{"allow":["GET"]}}],"collection":[{"href":"https:\/\/keramamueblesdejardin.com\/pt-pt\/wp-json\/wp\/v2\/product_cat"}],"about":[{"href":"https:\/\/keramamueblesdejardin.com\/pt-pt\/wp-json\/wp\/v2\/taxonomies\/product_cat"}],"up":[{"embeddable":true,"href":"https:\/\/keramamueblesdejardin.com\/pt-pt\/wp-json\/wp\/v2\/product_cat\/420"}],"wp:post_type":[{"href":"https:\/\/keramamueblesdejardin.com\/pt-pt\/wp-json\/wp\/v2\/product?product_cat=422"}],"curies":[{"name":"wp","href":"https:\/\/api.w.org\/{rel}","templated":true}]}}