{"id":412,"count":126,"description":"<strong>Espregui\u00e7adeiras e Kerama descansam para jardins ou terra\u00e7os.<\/strong>\r\nDescansar e apanhar sol \u00e9 uma parte fundamental das nossas vidas. Portanto, \u00e9 crucial passar esse tempo num espa\u00e7o onde nos sentimos confort\u00e1veis.  \r\nNesta categoria, voc\u00ea pode escolher entre v\u00e1rios tipos de mobili\u00e1rio de exterior para descansar e tomar banhos de sol. Por exemplo, oferecemos uma variedade de puffs para uma ou v\u00e1rias pessoas, cadeiras penduradas, camas balinesas ou at\u00e9 mesmo conjuntos de lounge de 3 pe\u00e7as. Alguns dos nossos modelos est\u00e3o dispon\u00edveis em cores diferentes para que possa encontrar o que melhor se adequa aos seus gostos e necessidades.  \r\nNa categoria de espregui\u00e7adeiras e descanso, voc\u00ea encontrar\u00e1 uma grande variedade de espregui\u00e7adeiras, camas, cadeiras penduradas e redes para jardim ou terra\u00e7o.","link":"https:\/\/keramamueblesdejardin.com\/pt-pt\/espreguicadeiras-e-descanso\/","name":"Espregui\u00e7adeiras e descanso","slug":"espreguicadeiras-e-descanso","taxonomy":"product_cat","parent":0,"meta":[],"menu_order":17,"acf":[],"yoast_head":"<!-- This site is optimized with the Yoast SEO plugin v27.4 - https:\/\/yoast.com\/product\/yoast-seo-wordpress\/ -->\n<title>Espregui\u00e7adeiras e descanso archivos - Kerama<\/title>\n<meta name=\"robots\" content=\"index, follow, max-snippet:-1, max-image-preview:large, max-video-preview:-1\" \/>\n<link rel=\"canonical\" href=\"https:\/\/keramamueblesdejardin.com\/pt-pt\/espreguicadeiras-e-descanso\/\" \/>\n<meta property=\"og:locale\" content=\"pt_PT\" \/>\n<meta property=\"og:type\" content=\"article\" \/>\n<meta property=\"og:title\" content=\"Espregui\u00e7adeiras e descanso archivos - Kerama\" \/>\n<meta property=\"og:description\" content=\"Espregui\u00e7adeiras e Kerama descansam para jardins ou terra\u00e7os. Descansar e apanhar sol \u00e9 uma parte fundamental das nossas vidas. Portanto, \u00e9 crucial passar esse tempo num espa\u00e7o onde nos sentimos confort\u00e1veis. Nesta categoria, voc\u00ea pode escolher entre v\u00e1rios tipos de mobili\u00e1rio de exterior para descansar e tomar banhos de sol. Por exemplo, oferecemos uma variedade de puffs para uma ou v\u00e1rias pessoas, cadeiras penduradas, camas balinesas ou at\u00e9 mesmo conjuntos de lounge de 3 pe\u00e7as. Alguns dos nossos modelos est\u00e3o dispon\u00edveis em cores diferentes para que possa encontrar o que melhor se adequa aos seus gostos e necessidades. Na categoria de espregui\u00e7adeiras e descanso, voc\u00ea encontrar\u00e1 uma grande variedade de espregui\u00e7adeiras, camas, cadeiras penduradas e redes para jardim ou terra\u00e7o.\" \/>\n<meta property=\"og:url\" content=\"https:\/\/keramamueblesdejardin.com\/pt-pt\/espreguicadeiras-e-descanso\/\" \/>\n<meta property=\"og:site_name\" content=\"Kerama\" \/>\n<meta name=\"twitter:card\" content=\"summary_large_image\" \/>\n<script type=\"application\/ld+json\" class=\"yoast-schema-graph\">{\"@context\":\"https:\\\/\\\/schema.org\",\"@graph\":[{\"@type\":\"CollectionPage\",\"@id\":\"https:\\\/\\\/keramamueblesdejardin.com\\\/pt-pt\\\/espreguicadeiras-e-descanso\\\/\",\"url\":\"https:\\\/\\\/keramamueblesdejardin.com\\\/pt-pt\\\/espreguicadeiras-e-descanso\\\/\",\"name\":\"Espregui\u00e7adeiras e descanso archivos - Kerama\",\"isPartOf\":{\"@id\":\"https:\\\/\\\/keramamueblesdejardin.com\\\/pt-pt\\\/#website\"},\"breadcrumb\":{\"@id\":\"https:\\\/\\\/keramamueblesdejardin.com\\\/pt-pt\\\/espreguicadeiras-e-descanso\\\/#breadcrumb\"},\"inLanguage\":\"pt-PT\"},{\"@type\":\"BreadcrumbList\",\"@id\":\"https:\\\/\\\/keramamueblesdejardin.com\\\/pt-pt\\\/espreguicadeiras-e-descanso\\\/#breadcrumb\",\"itemListElement\":[{\"@type\":\"ListItem\",\"position\":1,\"name\":\"Home\",\"item\":\"https:\\\/\\\/keramamueblesdejardin.com\\\/pt-pt\\\/\"},{\"@type\":\"ListItem\",\"position\":2,\"name\":\"Espregui\u00e7adeiras e descanso\"}]},{\"@type\":\"WebSite\",\"@id\":\"https:\\\/\\\/keramamueblesdejardin.com\\\/pt-pt\\\/#website\",\"url\":\"https:\\\/\\\/keramamueblesdejardin.com\\\/pt-pt\\\/\",\"name\":\"Kerama\",\"description\":\"muebles de jard\u00edn\",\"publisher\":{\"@id\":\"https:\\\/\\\/keramamueblesdejardin.com\\\/pt-pt\\\/#organization\"},\"potentialAction\":[{\"@type\":\"SearchAction\",\"target\":{\"@type\":\"EntryPoint\",\"urlTemplate\":\"https:\\\/\\\/keramamueblesdejardin.com\\\/pt-pt\\\/?s={search_term_string}\"},\"query-input\":{\"@type\":\"PropertyValueSpecification\",\"valueRequired\":true,\"valueName\":\"search_term_string\"}}],\"inLanguage\":\"pt-PT\"},{\"@type\":\"Organization\",\"@id\":\"https:\\\/\\\/keramamueblesdejardin.com\\\/pt-pt\\\/#organization\",\"name\":\"kerama\",\"url\":\"https:\\\/\\\/keramamueblesdejardin.com\\\/pt-pt\\\/\",\"logo\":{\"@type\":\"ImageObject\",\"inLanguage\":\"pt-PT\",\"@id\":\"https:\\\/\\\/keramamueblesdejardin.com\\\/pt-pt\\\/#\\\/schema\\\/logo\\\/image\\\/\",\"url\":\"https:\\\/\\\/keramamueblesdejardin.com\\\/wp-content\\\/uploads\\\/2020\\\/12\\\/k.-scaled.jpg\",\"contentUrl\":\"https:\\\/\\\/keramamueblesdejardin.com\\\/wp-content\\\/uploads\\\/2020\\\/12\\\/k.-scaled.jpg\",\"width\":2560,\"height\":551,\"caption\":\"kerama\"},\"image\":{\"@id\":\"https:\\\/\\\/keramamueblesdejardin.com\\\/pt-pt\\\/#\\\/schema\\\/logo\\\/image\\\/\"},\"sameAs\":[\"https:\\\/\\\/www.facebook.com\\\/Kerama-Muebles-de-Jard\u00edn-106209328312568\\\/\"]}]}<\/script>\n<!-- \/ Yoast SEO plugin. -->","yoast_head_json":{"title":"Espregui\u00e7adeiras e descanso archivos - Kerama","robots":{"index":"index","follow":"follow","max-snippet":"max-snippet:-1","max-image-preview":"max-image-preview:large","max-video-preview":"max-video-preview:-1"},"canonical":"https:\/\/keramamueblesdejardin.com\/pt-pt\/espreguicadeiras-e-descanso\/","og_locale":"pt_PT","og_type":"article","og_title":"Espregui\u00e7adeiras e descanso archivos - Kerama","og_description":"Espregui\u00e7adeiras e Kerama descansam para jardins ou terra\u00e7os. Descansar e apanhar sol \u00e9 uma parte fundamental das nossas vidas. Portanto, \u00e9 crucial passar esse tempo num espa\u00e7o onde nos sentimos confort\u00e1veis. Nesta categoria, voc\u00ea pode escolher entre v\u00e1rios tipos de mobili\u00e1rio de exterior para descansar e tomar banhos de sol. Por exemplo, oferecemos uma variedade de puffs para uma ou v\u00e1rias pessoas, cadeiras penduradas, camas balinesas ou at\u00e9 mesmo conjuntos de lounge de 3 pe\u00e7as. Alguns dos nossos modelos est\u00e3o dispon\u00edveis em cores diferentes para que possa encontrar o que melhor se adequa aos seus gostos e necessidades. Na categoria de espregui\u00e7adeiras e descanso, voc\u00ea encontrar\u00e1 uma grande variedade de espregui\u00e7adeiras, camas, cadeiras penduradas e redes para jardim ou terra\u00e7o.","og_url":"https:\/\/keramamueblesdejardin.com\/pt-pt\/espreguicadeiras-e-descanso\/","og_site_name":"Kerama","twitter_card":"summary_large_image","schema":{"@context":"https:\/\/schema.org","@graph":[{"@type":"CollectionPage","@id":"https:\/\/keramamueblesdejardin.com\/pt-pt\/espreguicadeiras-e-descanso\/","url":"https:\/\/keramamueblesdejardin.com\/pt-pt\/espreguicadeiras-e-descanso\/","name":"Espregui\u00e7adeiras e descanso archivos - Kerama","isPartOf":{"@id":"https:\/\/keramamueblesdejardin.com\/pt-pt\/#website"},"breadcrumb":{"@id":"https:\/\/keramamueblesdejardin.com\/pt-pt\/espreguicadeiras-e-descanso\/#breadcrumb"},"inLanguage":"pt-PT"},{"@type":"BreadcrumbList","@id":"https:\/\/keramamueblesdejardin.com\/pt-pt\/espreguicadeiras-e-descanso\/#breadcrumb","itemListElement":[{"@type":"ListItem","position":1,"name":"Home","item":"https:\/\/keramamueblesdejardin.com\/pt-pt\/"},{"@type":"ListItem","position":2,"name":"Espregui\u00e7adeiras e descanso"}]},{"@type":"WebSite","@id":"https:\/\/keramamueblesdejardin.com\/pt-pt\/#website","url":"https:\/\/keramamueblesdejardin.com\/pt-pt\/","name":"Kerama","description":"muebles de jard\u00edn","publisher":{"@id":"https:\/\/keramamueblesdejardin.com\/pt-pt\/#organization"},"potentialAction":[{"@type":"SearchAction","target":{"@type":"EntryPoint","urlTemplate":"https:\/\/keramamueblesdejardin.com\/pt-pt\/?s={search_term_string}"},"query-input":{"@type":"PropertyValueSpecification","valueRequired":true,"valueName":"search_term_string"}}],"inLanguage":"pt-PT"},{"@type":"Organization","@id":"https:\/\/keramamueblesdejardin.com\/pt-pt\/#organization","name":"kerama","url":"https:\/\/keramamueblesdejardin.com\/pt-pt\/","logo":{"@type":"ImageObject","inLanguage":"pt-PT","@id":"https:\/\/keramamueblesdejardin.com\/pt-pt\/#\/schema\/logo\/image\/","url":"https:\/\/keramamueblesdejardin.com\/wp-content\/uploads\/2020\/12\/k.-scaled.jpg","contentUrl":"https:\/\/keramamueblesdejardin.com\/wp-content\/uploads\/2020\/12\/k.-scaled.jpg","width":2560,"height":551,"caption":"kerama"},"image":{"@id":"https:\/\/keramamueblesdejardin.com\/pt-pt\/#\/schema\/logo\/image\/"},"sameAs":["https:\/\/www.facebook.com\/Kerama-Muebles-de-Jard\u00edn-106209328312568\/"]}]}},"image_link":"https:\/\/keramamueblesdejardin.com\/wp-content\/uploads\/woocommerce-placeholder-300x300.png","_links":{"self":[{"href":"https:\/\/keramamueblesdejardin.com\/pt-pt\/wp-json\/wp\/v2\/product_cat\/412","targetHints":{"allow":["GET"]}}],"collection":[{"href":"https:\/\/keramamueblesdejardin.com\/pt-pt\/wp-json\/wp\/v2\/product_cat"}],"about":[{"href":"https:\/\/keramamueblesdejardin.com\/pt-pt\/wp-json\/wp\/v2\/taxonomies\/product_cat"}],"wp:post_type":[{"href":"https:\/\/keramamueblesdejardin.com\/pt-pt\/wp-json\/wp\/v2\/product?product_cat=412"}],"curies":[{"name":"wp","href":"https:\/\/api.w.org\/{rel}","templated":true}]}}