{"id":2830,"count":59,"description":"<h2>Tavolini per giardino o terrazza Kerama.<\/h2>\r\n\r\nIl tavolo \u00e8 stato uno dei primi mobili ad essere introdotto nelle societ\u00e0 umane ed \u00e8 diventato un oggetto chiave nella nostra vita quotidiana.\r\n\r\nIn questa categoria puoi trovare tavolini di diversi materiali e dimensioni. Inoltre, alcuni prodotti sono disponibili in diversi colori in modo da poter trovare quello che meglio si adatta ai tuoi gusti.\r\n\r\nSperiamo che tu possa trovare il tavolino o i tavoli ideali per aiutarti a decorare il tuo spazio e goderti le lunghe giornate all'aperto.","link":"https:\/\/keramamueblesdejardin.com\/it\/saloni-allaperto\/tavolini-da-giardino\/","name":"Tavolini da giardino","slug":"tavolini-da-giardino","taxonomy":"product_cat","parent":2812,"meta":[],"menu_order":25,"acf":[],"yoast_head":"<!-- This site is optimized with the Yoast SEO plugin v27.4 - https:\/\/yoast.com\/product\/yoast-seo-wordpress\/ -->\n<title>Tavolini da giardino archivos - Kerama<\/title>\n<meta name=\"robots\" content=\"index, follow, max-snippet:-1, max-image-preview:large, max-video-preview:-1\" \/>\n<link rel=\"canonical\" href=\"https:\/\/keramamueblesdejardin.com\/it\/saloni-allaperto\/tavolini-da-giardino\/\" \/>\n<meta property=\"og:locale\" content=\"it_IT\" \/>\n<meta property=\"og:type\" content=\"article\" \/>\n<meta property=\"og:title\" content=\"Tavolini da giardino archivos - Kerama\" \/>\n<meta property=\"og:description\" content=\"Tavolini per giardino o terrazza Kerama. Il tavolo \u00e8 stato uno dei primi mobili ad essere introdotto nelle societ\u00e0 umane ed \u00e8 diventato un oggetto chiave nella nostra vita quotidiana. In questa categoria puoi trovare tavolini di diversi materiali e dimensioni. Inoltre, alcuni prodotti sono disponibili in diversi colori in modo da poter trovare quello che meglio si adatta ai tuoi gusti. Speriamo che tu possa trovare il tavolino o i tavoli ideali per aiutarti a decorare il tuo spazio e goderti le lunghe giornate all&#8217;aperto.\" \/>\n<meta property=\"og:url\" content=\"https:\/\/keramamueblesdejardin.com\/it\/saloni-allaperto\/tavolini-da-giardino\/\" \/>\n<meta property=\"og:site_name\" content=\"Kerama\" \/>\n<meta name=\"twitter:card\" content=\"summary_large_image\" \/>\n<script type=\"application\/ld+json\" class=\"yoast-schema-graph\">{\"@context\":\"https:\\\/\\\/schema.org\",\"@graph\":[{\"@type\":\"CollectionPage\",\"@id\":\"https:\\\/\\\/keramamueblesdejardin.com\\\/it\\\/saloni-allaperto\\\/tavolini-da-giardino\\\/\",\"url\":\"https:\\\/\\\/keramamueblesdejardin.com\\\/it\\\/saloni-allaperto\\\/tavolini-da-giardino\\\/\",\"name\":\"Tavolini da giardino archivos - Kerama\",\"isPartOf\":{\"@id\":\"https:\\\/\\\/keramamueblesdejardin.com\\\/it\\\/#website\"},\"breadcrumb\":{\"@id\":\"https:\\\/\\\/keramamueblesdejardin.com\\\/it\\\/saloni-allaperto\\\/tavolini-da-giardino\\\/#breadcrumb\"},\"inLanguage\":\"it-IT\"},{\"@type\":\"BreadcrumbList\",\"@id\":\"https:\\\/\\\/keramamueblesdejardin.com\\\/it\\\/saloni-allaperto\\\/tavolini-da-giardino\\\/#breadcrumb\",\"itemListElement\":[{\"@type\":\"ListItem\",\"position\":1,\"name\":\"Home\",\"item\":\"https:\\\/\\\/keramamueblesdejardin.com\\\/it\\\/\"},{\"@type\":\"ListItem\",\"position\":2,\"name\":\"Saloni all'aperto\",\"item\":\"https:\\\/\\\/keramamueblesdejardin.com\\\/it\\\/saloni-allaperto\\\/\"},{\"@type\":\"ListItem\",\"position\":3,\"name\":\"Tavolini da giardino\"}]},{\"@type\":\"WebSite\",\"@id\":\"https:\\\/\\\/keramamueblesdejardin.com\\\/it\\\/#website\",\"url\":\"https:\\\/\\\/keramamueblesdejardin.com\\\/it\\\/\",\"name\":\"Kerama\",\"description\":\"muebles de jard\u00edn\",\"publisher\":{\"@id\":\"https:\\\/\\\/keramamueblesdejardin.com\\\/it\\\/#organization\"},\"potentialAction\":[{\"@type\":\"SearchAction\",\"target\":{\"@type\":\"EntryPoint\",\"urlTemplate\":\"https:\\\/\\\/keramamueblesdejardin.com\\\/it\\\/?s={search_term_string}\"},\"query-input\":{\"@type\":\"PropertyValueSpecification\",\"valueRequired\":true,\"valueName\":\"search_term_string\"}}],\"inLanguage\":\"it-IT\"},{\"@type\":\"Organization\",\"@id\":\"https:\\\/\\\/keramamueblesdejardin.com\\\/it\\\/#organization\",\"name\":\"kerama\",\"url\":\"https:\\\/\\\/keramamueblesdejardin.com\\\/it\\\/\",\"logo\":{\"@type\":\"ImageObject\",\"inLanguage\":\"it-IT\",\"@id\":\"https:\\\/\\\/keramamueblesdejardin.com\\\/it\\\/#\\\/schema\\\/logo\\\/image\\\/\",\"url\":\"https:\\\/\\\/keramamueblesdejardin.com\\\/wp-content\\\/uploads\\\/2020\\\/12\\\/k.-scaled.jpg\",\"contentUrl\":\"https:\\\/\\\/keramamueblesdejardin.com\\\/wp-content\\\/uploads\\\/2020\\\/12\\\/k.-scaled.jpg\",\"width\":2560,\"height\":551,\"caption\":\"kerama\"},\"image\":{\"@id\":\"https:\\\/\\\/keramamueblesdejardin.com\\\/it\\\/#\\\/schema\\\/logo\\\/image\\\/\"},\"sameAs\":[\"https:\\\/\\\/www.facebook.com\\\/Kerama-Muebles-de-Jard\u00edn-106209328312568\\\/\"]}]}<\/script>\n<!-- \/ Yoast SEO plugin. -->","yoast_head_json":{"title":"Tavolini da giardino archivos - Kerama","robots":{"index":"index","follow":"follow","max-snippet":"max-snippet:-1","max-image-preview":"max-image-preview:large","max-video-preview":"max-video-preview:-1"},"canonical":"https:\/\/keramamueblesdejardin.com\/it\/saloni-allaperto\/tavolini-da-giardino\/","og_locale":"it_IT","og_type":"article","og_title":"Tavolini da giardino archivos - Kerama","og_description":"Tavolini per giardino o terrazza Kerama. Il tavolo \u00e8 stato uno dei primi mobili ad essere introdotto nelle societ\u00e0 umane ed \u00e8 diventato un oggetto chiave nella nostra vita quotidiana. In questa categoria puoi trovare tavolini di diversi materiali e dimensioni. Inoltre, alcuni prodotti sono disponibili in diversi colori in modo da poter trovare quello che meglio si adatta ai tuoi gusti. Speriamo che tu possa trovare il tavolino o i tavoli ideali per aiutarti a decorare il tuo spazio e goderti le lunghe giornate all&#8217;aperto.","og_url":"https:\/\/keramamueblesdejardin.com\/it\/saloni-allaperto\/tavolini-da-giardino\/","og_site_name":"Kerama","twitter_card":"summary_large_image","schema":{"@context":"https:\/\/schema.org","@graph":[{"@type":"CollectionPage","@id":"https:\/\/keramamueblesdejardin.com\/it\/saloni-allaperto\/tavolini-da-giardino\/","url":"https:\/\/keramamueblesdejardin.com\/it\/saloni-allaperto\/tavolini-da-giardino\/","name":"Tavolini da giardino archivos - Kerama","isPartOf":{"@id":"https:\/\/keramamueblesdejardin.com\/it\/#website"},"breadcrumb":{"@id":"https:\/\/keramamueblesdejardin.com\/it\/saloni-allaperto\/tavolini-da-giardino\/#breadcrumb"},"inLanguage":"it-IT"},{"@type":"BreadcrumbList","@id":"https:\/\/keramamueblesdejardin.com\/it\/saloni-allaperto\/tavolini-da-giardino\/#breadcrumb","itemListElement":[{"@type":"ListItem","position":1,"name":"Home","item":"https:\/\/keramamueblesdejardin.com\/it\/"},{"@type":"ListItem","position":2,"name":"Saloni all'aperto","item":"https:\/\/keramamueblesdejardin.com\/it\/saloni-allaperto\/"},{"@type":"ListItem","position":3,"name":"Tavolini da giardino"}]},{"@type":"WebSite","@id":"https:\/\/keramamueblesdejardin.com\/it\/#website","url":"https:\/\/keramamueblesdejardin.com\/it\/","name":"Kerama","description":"muebles de jard\u00edn","publisher":{"@id":"https:\/\/keramamueblesdejardin.com\/it\/#organization"},"potentialAction":[{"@type":"SearchAction","target":{"@type":"EntryPoint","urlTemplate":"https:\/\/keramamueblesdejardin.com\/it\/?s={search_term_string}"},"query-input":{"@type":"PropertyValueSpecification","valueRequired":true,"valueName":"search_term_string"}}],"inLanguage":"it-IT"},{"@type":"Organization","@id":"https:\/\/keramamueblesdejardin.com\/it\/#organization","name":"kerama","url":"https:\/\/keramamueblesdejardin.com\/it\/","logo":{"@type":"ImageObject","inLanguage":"it-IT","@id":"https:\/\/keramamueblesdejardin.com\/it\/#\/schema\/logo\/image\/","url":"https:\/\/keramamueblesdejardin.com\/wp-content\/uploads\/2020\/12\/k.-scaled.jpg","contentUrl":"https:\/\/keramamueblesdejardin.com\/wp-content\/uploads\/2020\/12\/k.-scaled.jpg","width":2560,"height":551,"caption":"kerama"},"image":{"@id":"https:\/\/keramamueblesdejardin.com\/it\/#\/schema\/logo\/image\/"},"sameAs":["https:\/\/www.facebook.com\/Kerama-Muebles-de-Jard\u00edn-106209328312568\/"]}]}},"image_link":"https:\/\/keramamueblesdejardin.com\/wp-content\/uploads\/2021\/05\/M011-FTS598-0010108-1-scaled-e1697021931458.jpg","_links":{"self":[{"href":"https:\/\/keramamueblesdejardin.com\/it\/wp-json\/wp\/v2\/product_cat\/2830","targetHints":{"allow":["GET"]}}],"collection":[{"href":"https:\/\/keramamueblesdejardin.com\/it\/wp-json\/wp\/v2\/product_cat"}],"about":[{"href":"https:\/\/keramamueblesdejardin.com\/it\/wp-json\/wp\/v2\/taxonomies\/product_cat"}],"up":[{"embeddable":true,"href":"https:\/\/keramamueblesdejardin.com\/it\/wp-json\/wp\/v2\/product_cat\/2812"}],"wp:post_type":[{"href":"https:\/\/keramamueblesdejardin.com\/it\/wp-json\/wp\/v2\/product?product_cat=2830"}],"curies":[{"name":"wp","href":"https:\/\/api.w.org\/{rel}","templated":true}]}}