{"id":643,"count":69,"description":"<h2>Canap\u00e9s du jardin ou de la terrasse de Kerama.<\/h2>\r\n<p>Le canap\u00e9 est un \u00e9l\u00e9ment cl\u00e9 de toute maison. Il est donc important d'en choisir un qui nous aide \u00e0 nous d\u00e9tendre et qui s'int\u00e8gre \u00e0 l'espace dans lequel il se trouve.<\/p>\r\n<p>Dans cette cat\u00e9gorie, vous trouverez des mod\u00e8les qui sont parfaits pour d\u00e9corer la maison et se d\u00e9tendre \u00e0 l'ext\u00e9rieur. Vous pouvez choisir parmi une vari\u00e9t\u00e9 de mod\u00e8les de diff\u00e9rentes couleurs et tailles pour trouver celui qui correspond le mieux \u00e0 vos besoins.<\/p>\r\n<p>Nous esp\u00e9rons que vous trouverez le canap\u00e9 de jardin id\u00e9al ou les canap\u00e9s et fauteuils, afin que vous et les autres puissiez profiter des longues journ\u00e9es en plein air.<\/p>","link":"https:\/\/keramamueblesdejardin.com\/fr\/salles-exterieures\/canapes-de-jardin\/","name":"Canap\u00e9s de jardin","slug":"canapes-de-jardin","taxonomy":"product_cat","parent":604,"meta":[],"menu_order":24,"acf":[],"yoast_head":"<!-- This site is optimized with the Yoast SEO plugin v27.4 - https:\/\/yoast.com\/product\/yoast-seo-wordpress\/ -->\n<title>Canap\u00e9s de jardin archivos - Kerama<\/title>\n<meta name=\"robots\" content=\"index, follow, max-snippet:-1, max-image-preview:large, max-video-preview:-1\" \/>\n<link rel=\"canonical\" href=\"https:\/\/keramamueblesdejardin.com\/fr\/salles-exterieures\/canapes-de-jardin\/\" \/>\n<meta property=\"og:locale\" content=\"fr_FR\" \/>\n<meta property=\"og:type\" content=\"article\" \/>\n<meta property=\"og:title\" content=\"Canap\u00e9s de jardin archivos - Kerama\" \/>\n<meta property=\"og:description\" content=\"Canap\u00e9s du jardin ou de la terrasse de Kerama. Le canap\u00e9 est un \u00e9l\u00e9ment cl\u00e9 de toute maison. Il est donc important d&rsquo;en choisir un qui nous aide \u00e0 nous d\u00e9tendre et qui s&rsquo;int\u00e8gre \u00e0 l&rsquo;espace dans lequel il se trouve. Dans cette cat\u00e9gorie, vous trouverez des mod\u00e8les qui sont parfaits pour d\u00e9corer la maison et se d\u00e9tendre \u00e0 l&rsquo;ext\u00e9rieur. Vous pouvez choisir parmi une vari\u00e9t\u00e9 de mod\u00e8les de diff\u00e9rentes couleurs et tailles pour trouver celui qui correspond le mieux \u00e0 vos besoins. Nous esp\u00e9rons que vous trouverez le canap\u00e9 de jardin id\u00e9al ou les canap\u00e9s et fauteuils, afin que vous et les autres puissiez profiter des longues journ\u00e9es en plein air.\" \/>\n<meta property=\"og:url\" content=\"https:\/\/keramamueblesdejardin.com\/fr\/salles-exterieures\/canapes-de-jardin\/\" \/>\n<meta property=\"og:site_name\" content=\"Kerama\" \/>\n<meta name=\"twitter:card\" content=\"summary_large_image\" \/>\n<script type=\"application\/ld+json\" class=\"yoast-schema-graph\">{\"@context\":\"https:\\\/\\\/schema.org\",\"@graph\":[{\"@type\":\"CollectionPage\",\"@id\":\"https:\\\/\\\/keramamueblesdejardin.com\\\/fr\\\/salles-exterieures\\\/canapes-de-jardin\\\/\",\"url\":\"https:\\\/\\\/keramamueblesdejardin.com\\\/fr\\\/salles-exterieures\\\/canapes-de-jardin\\\/\",\"name\":\"Canap\u00e9s de jardin archivos - Kerama\",\"isPartOf\":{\"@id\":\"https:\\\/\\\/keramamueblesdejardin.com\\\/fr\\\/#website\"},\"breadcrumb\":{\"@id\":\"https:\\\/\\\/keramamueblesdejardin.com\\\/fr\\\/salles-exterieures\\\/canapes-de-jardin\\\/#breadcrumb\"},\"inLanguage\":\"fr-FR\"},{\"@type\":\"BreadcrumbList\",\"@id\":\"https:\\\/\\\/keramamueblesdejardin.com\\\/fr\\\/salles-exterieures\\\/canapes-de-jardin\\\/#breadcrumb\",\"itemListElement\":[{\"@type\":\"ListItem\",\"position\":1,\"name\":\"Home\",\"item\":\"https:\\\/\\\/keramamueblesdejardin.com\\\/fr\\\/\"},{\"@type\":\"ListItem\",\"position\":2,\"name\":\"Salles ext\u00e9rieures\",\"item\":\"https:\\\/\\\/keramamueblesdejardin.com\\\/fr\\\/salles-exterieures\\\/\"},{\"@type\":\"ListItem\",\"position\":3,\"name\":\"Canap\u00e9s de jardin\"}]},{\"@type\":\"WebSite\",\"@id\":\"https:\\\/\\\/keramamueblesdejardin.com\\\/fr\\\/#website\",\"url\":\"https:\\\/\\\/keramamueblesdejardin.com\\\/fr\\\/\",\"name\":\"Kerama\",\"description\":\"muebles de jard\u00edn\",\"publisher\":{\"@id\":\"https:\\\/\\\/keramamueblesdejardin.com\\\/fr\\\/#organization\"},\"potentialAction\":[{\"@type\":\"SearchAction\",\"target\":{\"@type\":\"EntryPoint\",\"urlTemplate\":\"https:\\\/\\\/keramamueblesdejardin.com\\\/fr\\\/?s={search_term_string}\"},\"query-input\":{\"@type\":\"PropertyValueSpecification\",\"valueRequired\":true,\"valueName\":\"search_term_string\"}}],\"inLanguage\":\"fr-FR\"},{\"@type\":\"Organization\",\"@id\":\"https:\\\/\\\/keramamueblesdejardin.com\\\/fr\\\/#organization\",\"name\":\"kerama\",\"url\":\"https:\\\/\\\/keramamueblesdejardin.com\\\/fr\\\/\",\"logo\":{\"@type\":\"ImageObject\",\"inLanguage\":\"fr-FR\",\"@id\":\"https:\\\/\\\/keramamueblesdejardin.com\\\/fr\\\/#\\\/schema\\\/logo\\\/image\\\/\",\"url\":\"https:\\\/\\\/keramamueblesdejardin.com\\\/wp-content\\\/uploads\\\/2020\\\/12\\\/k.-scaled.jpg\",\"contentUrl\":\"https:\\\/\\\/keramamueblesdejardin.com\\\/wp-content\\\/uploads\\\/2020\\\/12\\\/k.-scaled.jpg\",\"width\":2560,\"height\":551,\"caption\":\"kerama\"},\"image\":{\"@id\":\"https:\\\/\\\/keramamueblesdejardin.com\\\/fr\\\/#\\\/schema\\\/logo\\\/image\\\/\"},\"sameAs\":[\"https:\\\/\\\/www.facebook.com\\\/Kerama-Muebles-de-Jard\u00edn-106209328312568\\\/\"]}]}<\/script>\n<!-- \/ Yoast SEO plugin. -->","yoast_head_json":{"title":"Canap\u00e9s de jardin archivos - Kerama","robots":{"index":"index","follow":"follow","max-snippet":"max-snippet:-1","max-image-preview":"max-image-preview:large","max-video-preview":"max-video-preview:-1"},"canonical":"https:\/\/keramamueblesdejardin.com\/fr\/salles-exterieures\/canapes-de-jardin\/","og_locale":"fr_FR","og_type":"article","og_title":"Canap\u00e9s de jardin archivos - Kerama","og_description":"Canap\u00e9s du jardin ou de la terrasse de Kerama. Le canap\u00e9 est un \u00e9l\u00e9ment cl\u00e9 de toute maison. Il est donc important d&rsquo;en choisir un qui nous aide \u00e0 nous d\u00e9tendre et qui s&rsquo;int\u00e8gre \u00e0 l&rsquo;espace dans lequel il se trouve. Dans cette cat\u00e9gorie, vous trouverez des mod\u00e8les qui sont parfaits pour d\u00e9corer la maison et se d\u00e9tendre \u00e0 l&rsquo;ext\u00e9rieur. Vous pouvez choisir parmi une vari\u00e9t\u00e9 de mod\u00e8les de diff\u00e9rentes couleurs et tailles pour trouver celui qui correspond le mieux \u00e0 vos besoins. Nous esp\u00e9rons que vous trouverez le canap\u00e9 de jardin id\u00e9al ou les canap\u00e9s et fauteuils, afin que vous et les autres puissiez profiter des longues journ\u00e9es en plein air.","og_url":"https:\/\/keramamueblesdejardin.com\/fr\/salles-exterieures\/canapes-de-jardin\/","og_site_name":"Kerama","twitter_card":"summary_large_image","schema":{"@context":"https:\/\/schema.org","@graph":[{"@type":"CollectionPage","@id":"https:\/\/keramamueblesdejardin.com\/fr\/salles-exterieures\/canapes-de-jardin\/","url":"https:\/\/keramamueblesdejardin.com\/fr\/salles-exterieures\/canapes-de-jardin\/","name":"Canap\u00e9s de jardin archivos - Kerama","isPartOf":{"@id":"https:\/\/keramamueblesdejardin.com\/fr\/#website"},"breadcrumb":{"@id":"https:\/\/keramamueblesdejardin.com\/fr\/salles-exterieures\/canapes-de-jardin\/#breadcrumb"},"inLanguage":"fr-FR"},{"@type":"BreadcrumbList","@id":"https:\/\/keramamueblesdejardin.com\/fr\/salles-exterieures\/canapes-de-jardin\/#breadcrumb","itemListElement":[{"@type":"ListItem","position":1,"name":"Home","item":"https:\/\/keramamueblesdejardin.com\/fr\/"},{"@type":"ListItem","position":2,"name":"Salles ext\u00e9rieures","item":"https:\/\/keramamueblesdejardin.com\/fr\/salles-exterieures\/"},{"@type":"ListItem","position":3,"name":"Canap\u00e9s de jardin"}]},{"@type":"WebSite","@id":"https:\/\/keramamueblesdejardin.com\/fr\/#website","url":"https:\/\/keramamueblesdejardin.com\/fr\/","name":"Kerama","description":"muebles de jard\u00edn","publisher":{"@id":"https:\/\/keramamueblesdejardin.com\/fr\/#organization"},"potentialAction":[{"@type":"SearchAction","target":{"@type":"EntryPoint","urlTemplate":"https:\/\/keramamueblesdejardin.com\/fr\/?s={search_term_string}"},"query-input":{"@type":"PropertyValueSpecification","valueRequired":true,"valueName":"search_term_string"}}],"inLanguage":"fr-FR"},{"@type":"Organization","@id":"https:\/\/keramamueblesdejardin.com\/fr\/#organization","name":"kerama","url":"https:\/\/keramamueblesdejardin.com\/fr\/","logo":{"@type":"ImageObject","inLanguage":"fr-FR","@id":"https:\/\/keramamueblesdejardin.com\/fr\/#\/schema\/logo\/image\/","url":"https:\/\/keramamueblesdejardin.com\/wp-content\/uploads\/2020\/12\/k.-scaled.jpg","contentUrl":"https:\/\/keramamueblesdejardin.com\/wp-content\/uploads\/2020\/12\/k.-scaled.jpg","width":2560,"height":551,"caption":"kerama"},"image":{"@id":"https:\/\/keramamueblesdejardin.com\/fr\/#\/schema\/logo\/image\/"},"sameAs":["https:\/\/www.facebook.com\/Kerama-Muebles-de-Jard\u00edn-106209328312568\/"]}]}},"image_link":"https:\/\/keramamueblesdejardin.com\/wp-content\/uploads\/2021\/10\/M011-FTS598-0010325-scaled.jpg","_links":{"self":[{"href":"https:\/\/keramamueblesdejardin.com\/fr\/wp-json\/wp\/v2\/product_cat\/643","targetHints":{"allow":["GET"]}}],"collection":[{"href":"https:\/\/keramamueblesdejardin.com\/fr\/wp-json\/wp\/v2\/product_cat"}],"about":[{"href":"https:\/\/keramamueblesdejardin.com\/fr\/wp-json\/wp\/v2\/taxonomies\/product_cat"}],"up":[{"embeddable":true,"href":"https:\/\/keramamueblesdejardin.com\/fr\/wp-json\/wp\/v2\/product_cat\/604"}],"wp:post_type":[{"href":"https:\/\/keramamueblesdejardin.com\/fr\/wp-json\/wp\/v2\/product?product_cat=643"}],"curies":[{"name":"wp","href":"https:\/\/api.w.org\/{rel}","templated":true}]}}