{"id":641,"count":6,"description":"<strong>Chaises suspendues Kerama pour jardins ou terrasses.<\/strong>\r\n\r\nLes humains passent en moyenne 17 ans de leur vie assis...\r\n\r\nC'est dans cet esprit que Kerama vous propose de trouver le fauteuil suspendu id\u00e9al pour votre terrasse ou votre jardin.\r\n\r\nDans cette cat\u00e9gorie, vous trouverez plusieurs mod\u00e8les de fauteuils suspendus. Les mod\u00e8les que nous proposons ont des structures et des couleurs diff\u00e9rentes afin que vous puissiez choisir celui qui correspond le mieux \u00e0 vos go\u00fbts et \u00e0 vos besoins.  \r\n\r\nNous esp\u00e9rons que vous trouverez le fauteuil suspendu id\u00e9al pour vous aider \u00e0 profiter des longues journ\u00e9es en plein air.","link":"https:\/\/keramamueblesdejardin.com\/fr\/chaises-longues-et-detente\/chaises-suspendues\/","name":"Chaises suspendues","slug":"chaises-suspendues","taxonomy":"product_cat","parent":563,"meta":[],"menu_order":20,"acf":[],"yoast_head":"<!-- This site is optimized with the Yoast SEO plugin v27.4 - https:\/\/yoast.com\/product\/yoast-seo-wordpress\/ -->\n<title>Chaises suspendues archivos - Kerama<\/title>\n<meta name=\"robots\" content=\"index, follow, max-snippet:-1, max-image-preview:large, max-video-preview:-1\" \/>\n<link rel=\"canonical\" href=\"https:\/\/keramamueblesdejardin.com\/fr\/chaises-longues-et-detente\/chaises-suspendues\/\" \/>\n<meta property=\"og:locale\" content=\"fr_FR\" \/>\n<meta property=\"og:type\" content=\"article\" \/>\n<meta property=\"og:title\" content=\"Chaises suspendues archivos - Kerama\" \/>\n<meta property=\"og:description\" content=\"Chaises suspendues Kerama pour jardins ou terrasses. Les humains passent en moyenne 17 ans de leur vie assis&#8230; C&rsquo;est dans cet esprit que Kerama vous propose de trouver le fauteuil suspendu id\u00e9al pour votre terrasse ou votre jardin. Dans cette cat\u00e9gorie, vous trouverez plusieurs mod\u00e8les de fauteuils suspendus. Les mod\u00e8les que nous proposons ont des structures et des couleurs diff\u00e9rentes afin que vous puissiez choisir celui qui correspond le mieux \u00e0 vos go\u00fbts et \u00e0 vos besoins.  Nous esp\u00e9rons que vous trouverez le fauteuil suspendu id\u00e9al pour vous aider \u00e0 profiter des longues journ\u00e9es en plein air.\" \/>\n<meta property=\"og:url\" content=\"https:\/\/keramamueblesdejardin.com\/fr\/chaises-longues-et-detente\/chaises-suspendues\/\" \/>\n<meta property=\"og:site_name\" content=\"Kerama\" \/>\n<meta name=\"twitter:card\" content=\"summary_large_image\" \/>\n<script type=\"application\/ld+json\" class=\"yoast-schema-graph\">{\"@context\":\"https:\\\/\\\/schema.org\",\"@graph\":[{\"@type\":\"CollectionPage\",\"@id\":\"https:\\\/\\\/keramamueblesdejardin.com\\\/fr\\\/chaises-longues-et-detente\\\/chaises-suspendues\\\/\",\"url\":\"https:\\\/\\\/keramamueblesdejardin.com\\\/fr\\\/chaises-longues-et-detente\\\/chaises-suspendues\\\/\",\"name\":\"Chaises suspendues archivos - Kerama\",\"isPartOf\":{\"@id\":\"https:\\\/\\\/keramamueblesdejardin.com\\\/fr\\\/#website\"},\"breadcrumb\":{\"@id\":\"https:\\\/\\\/keramamueblesdejardin.com\\\/fr\\\/chaises-longues-et-detente\\\/chaises-suspendues\\\/#breadcrumb\"},\"inLanguage\":\"fr-FR\"},{\"@type\":\"BreadcrumbList\",\"@id\":\"https:\\\/\\\/keramamueblesdejardin.com\\\/fr\\\/chaises-longues-et-detente\\\/chaises-suspendues\\\/#breadcrumb\",\"itemListElement\":[{\"@type\":\"ListItem\",\"position\":1,\"name\":\"Home\",\"item\":\"https:\\\/\\\/keramamueblesdejardin.com\\\/fr\\\/\"},{\"@type\":\"ListItem\",\"position\":2,\"name\":\"Chaises longues et d\u00e9tente\",\"item\":\"https:\\\/\\\/keramamueblesdejardin.com\\\/fr\\\/chaises-longues-et-detente\\\/\"},{\"@type\":\"ListItem\",\"position\":3,\"name\":\"Chaises suspendues\"}]},{\"@type\":\"WebSite\",\"@id\":\"https:\\\/\\\/keramamueblesdejardin.com\\\/fr\\\/#website\",\"url\":\"https:\\\/\\\/keramamueblesdejardin.com\\\/fr\\\/\",\"name\":\"Kerama\",\"description\":\"muebles de jard\u00edn\",\"publisher\":{\"@id\":\"https:\\\/\\\/keramamueblesdejardin.com\\\/fr\\\/#organization\"},\"potentialAction\":[{\"@type\":\"SearchAction\",\"target\":{\"@type\":\"EntryPoint\",\"urlTemplate\":\"https:\\\/\\\/keramamueblesdejardin.com\\\/fr\\\/?s={search_term_string}\"},\"query-input\":{\"@type\":\"PropertyValueSpecification\",\"valueRequired\":true,\"valueName\":\"search_term_string\"}}],\"inLanguage\":\"fr-FR\"},{\"@type\":\"Organization\",\"@id\":\"https:\\\/\\\/keramamueblesdejardin.com\\\/fr\\\/#organization\",\"name\":\"kerama\",\"url\":\"https:\\\/\\\/keramamueblesdejardin.com\\\/fr\\\/\",\"logo\":{\"@type\":\"ImageObject\",\"inLanguage\":\"fr-FR\",\"@id\":\"https:\\\/\\\/keramamueblesdejardin.com\\\/fr\\\/#\\\/schema\\\/logo\\\/image\\\/\",\"url\":\"https:\\\/\\\/keramamueblesdejardin.com\\\/wp-content\\\/uploads\\\/2020\\\/12\\\/k.-scaled.jpg\",\"contentUrl\":\"https:\\\/\\\/keramamueblesdejardin.com\\\/wp-content\\\/uploads\\\/2020\\\/12\\\/k.-scaled.jpg\",\"width\":2560,\"height\":551,\"caption\":\"kerama\"},\"image\":{\"@id\":\"https:\\\/\\\/keramamueblesdejardin.com\\\/fr\\\/#\\\/schema\\\/logo\\\/image\\\/\"},\"sameAs\":[\"https:\\\/\\\/www.facebook.com\\\/Kerama-Muebles-de-Jard\u00edn-106209328312568\\\/\"]}]}<\/script>\n<!-- \/ Yoast SEO plugin. -->","yoast_head_json":{"title":"Chaises suspendues archivos - Kerama","robots":{"index":"index","follow":"follow","max-snippet":"max-snippet:-1","max-image-preview":"max-image-preview:large","max-video-preview":"max-video-preview:-1"},"canonical":"https:\/\/keramamueblesdejardin.com\/fr\/chaises-longues-et-detente\/chaises-suspendues\/","og_locale":"fr_FR","og_type":"article","og_title":"Chaises suspendues archivos - Kerama","og_description":"Chaises suspendues Kerama pour jardins ou terrasses. Les humains passent en moyenne 17 ans de leur vie assis&#8230; C&rsquo;est dans cet esprit que Kerama vous propose de trouver le fauteuil suspendu id\u00e9al pour votre terrasse ou votre jardin. Dans cette cat\u00e9gorie, vous trouverez plusieurs mod\u00e8les de fauteuils suspendus. Les mod\u00e8les que nous proposons ont des structures et des couleurs diff\u00e9rentes afin que vous puissiez choisir celui qui correspond le mieux \u00e0 vos go\u00fbts et \u00e0 vos besoins.  Nous esp\u00e9rons que vous trouverez le fauteuil suspendu id\u00e9al pour vous aider \u00e0 profiter des longues journ\u00e9es en plein air.","og_url":"https:\/\/keramamueblesdejardin.com\/fr\/chaises-longues-et-detente\/chaises-suspendues\/","og_site_name":"Kerama","twitter_card":"summary_large_image","schema":{"@context":"https:\/\/schema.org","@graph":[{"@type":"CollectionPage","@id":"https:\/\/keramamueblesdejardin.com\/fr\/chaises-longues-et-detente\/chaises-suspendues\/","url":"https:\/\/keramamueblesdejardin.com\/fr\/chaises-longues-et-detente\/chaises-suspendues\/","name":"Chaises suspendues archivos - Kerama","isPartOf":{"@id":"https:\/\/keramamueblesdejardin.com\/fr\/#website"},"breadcrumb":{"@id":"https:\/\/keramamueblesdejardin.com\/fr\/chaises-longues-et-detente\/chaises-suspendues\/#breadcrumb"},"inLanguage":"fr-FR"},{"@type":"BreadcrumbList","@id":"https:\/\/keramamueblesdejardin.com\/fr\/chaises-longues-et-detente\/chaises-suspendues\/#breadcrumb","itemListElement":[{"@type":"ListItem","position":1,"name":"Home","item":"https:\/\/keramamueblesdejardin.com\/fr\/"},{"@type":"ListItem","position":2,"name":"Chaises longues et d\u00e9tente","item":"https:\/\/keramamueblesdejardin.com\/fr\/chaises-longues-et-detente\/"},{"@type":"ListItem","position":3,"name":"Chaises suspendues"}]},{"@type":"WebSite","@id":"https:\/\/keramamueblesdejardin.com\/fr\/#website","url":"https:\/\/keramamueblesdejardin.com\/fr\/","name":"Kerama","description":"muebles de jard\u00edn","publisher":{"@id":"https:\/\/keramamueblesdejardin.com\/fr\/#organization"},"potentialAction":[{"@type":"SearchAction","target":{"@type":"EntryPoint","urlTemplate":"https:\/\/keramamueblesdejardin.com\/fr\/?s={search_term_string}"},"query-input":{"@type":"PropertyValueSpecification","valueRequired":true,"valueName":"search_term_string"}}],"inLanguage":"fr-FR"},{"@type":"Organization","@id":"https:\/\/keramamueblesdejardin.com\/fr\/#organization","name":"kerama","url":"https:\/\/keramamueblesdejardin.com\/fr\/","logo":{"@type":"ImageObject","inLanguage":"fr-FR","@id":"https:\/\/keramamueblesdejardin.com\/fr\/#\/schema\/logo\/image\/","url":"https:\/\/keramamueblesdejardin.com\/wp-content\/uploads\/2020\/12\/k.-scaled.jpg","contentUrl":"https:\/\/keramamueblesdejardin.com\/wp-content\/uploads\/2020\/12\/k.-scaled.jpg","width":2560,"height":551,"caption":"kerama"},"image":{"@id":"https:\/\/keramamueblesdejardin.com\/fr\/#\/schema\/logo\/image\/"},"sameAs":["https:\/\/www.facebook.com\/Kerama-Muebles-de-Jard\u00edn-106209328312568\/"]}]}},"image_link":"https:\/\/keramamueblesdejardin.com\/wp-content\/uploads\/2021\/10\/M011-FTS598-0010520-1-scaled.jpg","_links":{"self":[{"href":"https:\/\/keramamueblesdejardin.com\/fr\/wp-json\/wp\/v2\/product_cat\/641","targetHints":{"allow":["GET"]}}],"collection":[{"href":"https:\/\/keramamueblesdejardin.com\/fr\/wp-json\/wp\/v2\/product_cat"}],"about":[{"href":"https:\/\/keramamueblesdejardin.com\/fr\/wp-json\/wp\/v2\/taxonomies\/product_cat"}],"up":[{"embeddable":true,"href":"https:\/\/keramamueblesdejardin.com\/fr\/wp-json\/wp\/v2\/product_cat\/563"}],"wp:post_type":[{"href":"https:\/\/keramamueblesdejardin.com\/fr\/wp-json\/wp\/v2\/product?product_cat=641"}],"curies":[{"name":"wp","href":"https:\/\/api.w.org\/{rel}","templated":true}]}}