{"id":3270,"count":71,"description":"<h2>Kerama Outdoor-Kissen f\u00fcr Garten- oder Terrassenm\u00f6bel.<\/h2>\r\n<p>Die Kissen helfen uns, unsere K\u00f6rperhaltung zu verbessern und die richtige Position des Nackens beizubehalten.<\/p>\r\n<p>In dieser Kategorie k\u00f6nnen Sie aus einer Vielzahl von Modellen w\u00e4hlen, damit Sie sich bequem im Freien ausruhen k\u00f6nnen. Unsere Modelle werden aus verschiedenen Materialien hergestellt und gef\u00fcllt. Au\u00dferdem sind einige Produkte in verschiedenen Farben erh\u00e4ltlich, sodass Sie dasjenige finden k\u00f6nnen, das Ihrem Geschmack am besten entspricht.<\/p>\r\n<p>In dieser Kategorie finden Sie Outdoor-Kissen, die sich perfekt f\u00fcr G\u00e4rten oder Terrassen eignen.<\/p>","link":"https:\/\/keramamueblesdejardin.com\/de\/exterieur-zubehor\/kissen-fur-den-ausenbereich\/","name":"Kissen f\u00fcr den Au\u00dfenbereich","slug":"kissen-fur-den-ausenbereich","taxonomy":"product_cat","parent":3271,"meta":[],"menu_order":7,"acf":[],"yoast_head":"<!-- This site is optimized with the Yoast SEO plugin v27.4 - https:\/\/yoast.com\/product\/yoast-seo-wordpress\/ -->\n<title>Kissen f\u00fcr den Au\u00dfenbereich archivos - Kerama<\/title>\n<meta name=\"robots\" content=\"index, follow, max-snippet:-1, max-image-preview:large, max-video-preview:-1\" \/>\n<link rel=\"canonical\" href=\"https:\/\/keramamueblesdejardin.com\/de\/exterieur-zubehor\/kissen-fur-den-ausenbereich\/\" \/>\n<meta property=\"og:locale\" content=\"de_DE\" \/>\n<meta property=\"og:type\" content=\"article\" \/>\n<meta property=\"og:title\" content=\"Kissen f\u00fcr den Au\u00dfenbereich archivos - Kerama\" \/>\n<meta property=\"og:description\" content=\"Kerama Outdoor-Kissen f\u00fcr Garten- oder Terrassenm\u00f6bel. Die Kissen helfen uns, unsere K\u00f6rperhaltung zu verbessern und die richtige Position des Nackens beizubehalten. In dieser Kategorie k\u00f6nnen Sie aus einer Vielzahl von Modellen w\u00e4hlen, damit Sie sich bequem im Freien ausruhen k\u00f6nnen. Unsere Modelle werden aus verschiedenen Materialien hergestellt und gef\u00fcllt. Au\u00dferdem sind einige Produkte in verschiedenen Farben erh\u00e4ltlich, sodass Sie dasjenige finden k\u00f6nnen, das Ihrem Geschmack am besten entspricht. In dieser Kategorie finden Sie Outdoor-Kissen, die sich perfekt f\u00fcr G\u00e4rten oder Terrassen eignen.\" \/>\n<meta property=\"og:url\" content=\"https:\/\/keramamueblesdejardin.com\/de\/exterieur-zubehor\/kissen-fur-den-ausenbereich\/\" \/>\n<meta property=\"og:site_name\" content=\"Kerama\" \/>\n<meta name=\"twitter:card\" content=\"summary_large_image\" \/>\n<script type=\"application\/ld+json\" class=\"yoast-schema-graph\">{\"@context\":\"https:\\\/\\\/schema.org\",\"@graph\":[{\"@type\":\"CollectionPage\",\"@id\":\"https:\\\/\\\/keramamueblesdejardin.com\\\/de\\\/exterieur-zubehor\\\/kissen-fur-den-ausenbereich\\\/\",\"url\":\"https:\\\/\\\/keramamueblesdejardin.com\\\/de\\\/exterieur-zubehor\\\/kissen-fur-den-ausenbereich\\\/\",\"name\":\"Kissen f\u00fcr den Au\u00dfenbereich archivos - Kerama\",\"isPartOf\":{\"@id\":\"https:\\\/\\\/keramamueblesdejardin.com\\\/de\\\/#website\"},\"breadcrumb\":{\"@id\":\"https:\\\/\\\/keramamueblesdejardin.com\\\/de\\\/exterieur-zubehor\\\/kissen-fur-den-ausenbereich\\\/#breadcrumb\"},\"inLanguage\":\"de\"},{\"@type\":\"BreadcrumbList\",\"@id\":\"https:\\\/\\\/keramamueblesdejardin.com\\\/de\\\/exterieur-zubehor\\\/kissen-fur-den-ausenbereich\\\/#breadcrumb\",\"itemListElement\":[{\"@type\":\"ListItem\",\"position\":1,\"name\":\"Home\",\"item\":\"https:\\\/\\\/keramamueblesdejardin.com\\\/de\\\/\"},{\"@type\":\"ListItem\",\"position\":2,\"name\":\"Exterieur-Zubeh\u00f6r\",\"item\":\"https:\\\/\\\/keramamueblesdejardin.com\\\/de\\\/exterieur-zubehor\\\/\"},{\"@type\":\"ListItem\",\"position\":3,\"name\":\"Kissen f\u00fcr den Au\u00dfenbereich\"}]},{\"@type\":\"WebSite\",\"@id\":\"https:\\\/\\\/keramamueblesdejardin.com\\\/de\\\/#website\",\"url\":\"https:\\\/\\\/keramamueblesdejardin.com\\\/de\\\/\",\"name\":\"Kerama\",\"description\":\"muebles de jard\u00edn\",\"publisher\":{\"@id\":\"https:\\\/\\\/keramamueblesdejardin.com\\\/de\\\/#organization\"},\"potentialAction\":[{\"@type\":\"SearchAction\",\"target\":{\"@type\":\"EntryPoint\",\"urlTemplate\":\"https:\\\/\\\/keramamueblesdejardin.com\\\/de\\\/?s={search_term_string}\"},\"query-input\":{\"@type\":\"PropertyValueSpecification\",\"valueRequired\":true,\"valueName\":\"search_term_string\"}}],\"inLanguage\":\"de\"},{\"@type\":\"Organization\",\"@id\":\"https:\\\/\\\/keramamueblesdejardin.com\\\/de\\\/#organization\",\"name\":\"kerama\",\"url\":\"https:\\\/\\\/keramamueblesdejardin.com\\\/de\\\/\",\"logo\":{\"@type\":\"ImageObject\",\"inLanguage\":\"de\",\"@id\":\"https:\\\/\\\/keramamueblesdejardin.com\\\/de\\\/#\\\/schema\\\/logo\\\/image\\\/\",\"url\":\"https:\\\/\\\/keramamueblesdejardin.com\\\/wp-content\\\/uploads\\\/2020\\\/12\\\/k.-scaled.jpg\",\"contentUrl\":\"https:\\\/\\\/keramamueblesdejardin.com\\\/wp-content\\\/uploads\\\/2020\\\/12\\\/k.-scaled.jpg\",\"width\":2560,\"height\":551,\"caption\":\"kerama\"},\"image\":{\"@id\":\"https:\\\/\\\/keramamueblesdejardin.com\\\/de\\\/#\\\/schema\\\/logo\\\/image\\\/\"},\"sameAs\":[\"https:\\\/\\\/www.facebook.com\\\/Kerama-Muebles-de-Jard\u00edn-106209328312568\\\/\"]}]}<\/script>\n<!-- \/ Yoast SEO plugin. -->","yoast_head_json":{"title":"Kissen f\u00fcr den Au\u00dfenbereich archivos - Kerama","robots":{"index":"index","follow":"follow","max-snippet":"max-snippet:-1","max-image-preview":"max-image-preview:large","max-video-preview":"max-video-preview:-1"},"canonical":"https:\/\/keramamueblesdejardin.com\/de\/exterieur-zubehor\/kissen-fur-den-ausenbereich\/","og_locale":"de_DE","og_type":"article","og_title":"Kissen f\u00fcr den Au\u00dfenbereich archivos - Kerama","og_description":"Kerama Outdoor-Kissen f\u00fcr Garten- oder Terrassenm\u00f6bel. Die Kissen helfen uns, unsere K\u00f6rperhaltung zu verbessern und die richtige Position des Nackens beizubehalten. In dieser Kategorie k\u00f6nnen Sie aus einer Vielzahl von Modellen w\u00e4hlen, damit Sie sich bequem im Freien ausruhen k\u00f6nnen. Unsere Modelle werden aus verschiedenen Materialien hergestellt und gef\u00fcllt. Au\u00dferdem sind einige Produkte in verschiedenen Farben erh\u00e4ltlich, sodass Sie dasjenige finden k\u00f6nnen, das Ihrem Geschmack am besten entspricht. In dieser Kategorie finden Sie Outdoor-Kissen, die sich perfekt f\u00fcr G\u00e4rten oder Terrassen eignen.","og_url":"https:\/\/keramamueblesdejardin.com\/de\/exterieur-zubehor\/kissen-fur-den-ausenbereich\/","og_site_name":"Kerama","twitter_card":"summary_large_image","schema":{"@context":"https:\/\/schema.org","@graph":[{"@type":"CollectionPage","@id":"https:\/\/keramamueblesdejardin.com\/de\/exterieur-zubehor\/kissen-fur-den-ausenbereich\/","url":"https:\/\/keramamueblesdejardin.com\/de\/exterieur-zubehor\/kissen-fur-den-ausenbereich\/","name":"Kissen f\u00fcr den Au\u00dfenbereich archivos - Kerama","isPartOf":{"@id":"https:\/\/keramamueblesdejardin.com\/de\/#website"},"breadcrumb":{"@id":"https:\/\/keramamueblesdejardin.com\/de\/exterieur-zubehor\/kissen-fur-den-ausenbereich\/#breadcrumb"},"inLanguage":"de"},{"@type":"BreadcrumbList","@id":"https:\/\/keramamueblesdejardin.com\/de\/exterieur-zubehor\/kissen-fur-den-ausenbereich\/#breadcrumb","itemListElement":[{"@type":"ListItem","position":1,"name":"Home","item":"https:\/\/keramamueblesdejardin.com\/de\/"},{"@type":"ListItem","position":2,"name":"Exterieur-Zubeh\u00f6r","item":"https:\/\/keramamueblesdejardin.com\/de\/exterieur-zubehor\/"},{"@type":"ListItem","position":3,"name":"Kissen f\u00fcr den Au\u00dfenbereich"}]},{"@type":"WebSite","@id":"https:\/\/keramamueblesdejardin.com\/de\/#website","url":"https:\/\/keramamueblesdejardin.com\/de\/","name":"Kerama","description":"muebles de jard\u00edn","publisher":{"@id":"https:\/\/keramamueblesdejardin.com\/de\/#organization"},"potentialAction":[{"@type":"SearchAction","target":{"@type":"EntryPoint","urlTemplate":"https:\/\/keramamueblesdejardin.com\/de\/?s={search_term_string}"},"query-input":{"@type":"PropertyValueSpecification","valueRequired":true,"valueName":"search_term_string"}}],"inLanguage":"de"},{"@type":"Organization","@id":"https:\/\/keramamueblesdejardin.com\/de\/#organization","name":"kerama","url":"https:\/\/keramamueblesdejardin.com\/de\/","logo":{"@type":"ImageObject","inLanguage":"de","@id":"https:\/\/keramamueblesdejardin.com\/de\/#\/schema\/logo\/image\/","url":"https:\/\/keramamueblesdejardin.com\/wp-content\/uploads\/2020\/12\/k.-scaled.jpg","contentUrl":"https:\/\/keramamueblesdejardin.com\/wp-content\/uploads\/2020\/12\/k.-scaled.jpg","width":2560,"height":551,"caption":"kerama"},"image":{"@id":"https:\/\/keramamueblesdejardin.com\/de\/#\/schema\/logo\/image\/"},"sameAs":["https:\/\/www.facebook.com\/Kerama-Muebles-de-Jard\u00edn-106209328312568\/"]}]}},"image_link":"https:\/\/keramamueblesdejardin.com\/wp-content\/uploads\/2022\/04\/M011-FTS598-0010778-scaled.jpg","_links":{"self":[{"href":"https:\/\/keramamueblesdejardin.com\/de\/wp-json\/wp\/v2\/product_cat\/3270","targetHints":{"allow":["GET"]}}],"collection":[{"href":"https:\/\/keramamueblesdejardin.com\/de\/wp-json\/wp\/v2\/product_cat"}],"about":[{"href":"https:\/\/keramamueblesdejardin.com\/de\/wp-json\/wp\/v2\/taxonomies\/product_cat"}],"up":[{"embeddable":true,"href":"https:\/\/keramamueblesdejardin.com\/de\/wp-json\/wp\/v2\/product_cat\/3271"}],"wp:post_type":[{"href":"https:\/\/keramamueblesdejardin.com\/de\/wp-json\/wp\/v2\/product?product_cat=3270"}],"curies":[{"name":"wp","href":"https:\/\/api.w.org\/{rel}","templated":true}]}}